{"id":7828,"date":"2023-07-21T15:37:17","date_gmt":"2023-07-21T15:37:17","guid":{"rendered":"https:\/\/mallorcagrass.com\/individuelle-gestaltung-von-kuenstlichen-vertikalen-gaerten-vielfalt-und-anpassungsfaehigkeit-fuer-jeden-raum"},"modified":"2024-07-01T09:36:15","modified_gmt":"2024-07-01T09:36:15","slug":"individuelle-gestaltung-von-kuenstlichen-vertikalen-gaerten-vielfalt-und-anpassungsfaehigkeit-fuer-jeden-raum","status":"publish","type":"post","link":"https:\/\/mallorcagrass.com\/de\/individuelle-gestaltung-von-kuenstlichen-vertikalen-gaerten-vielfalt-und-anpassungsfaehigkeit-fuer-jeden-raum","title":{"rendered":"Individuelle Gestaltung von k\u00fcnstlichen vertikalen G\u00e4rten: Vielfalt und Anpassungsf\u00e4higkeit f\u00fcr jeden Raum"},"content":{"rendered":"<p><span style=\"font-weight: 400;\">Die <\/span><b>k\u00fcnstlichen vertikalen G\u00e4rten <\/b><span style=\"font-weight: 400;\">haben sich zu einem sehr beliebten <\/span><b>dekorative Ressource geworden, die weit verbreitet<\/b><span style=\"font-weight: 400;\"> und eine <\/span><b>perfekte L\u00f6sung<\/b><span style=\"font-weight: 400;\"> f\u00fcr die <\/span><b>Dekoration von R\u00e4umen <\/b><span style=\"font-weight: 400;\">und <\/span><b>Landschaftsgestaltung<\/b><span style=\"font-weight: 400;\">. <\/span> <\/p>\n<p><span style=\"font-weight: 400;\">Diese wundervollen &#8222;gr\u00fcnen Strukturen&#8220; bringen nicht nur <\/span><b>bringen Sch\u00f6nheit und Harmonie<\/b><span style=\"font-weight: 400;\"> in Innen- und <\/span><b>Innen- und Au\u00dfenr\u00e4ume<\/b><span style=\"font-weight: 400;\">sondern bieten auch <\/span><b>Vorteile<\/b><span style=\"font-weight: 400;\"> f\u00fcr das <\/span><b>Wohlbefinden der Menschen <\/b><span style=\"font-weight: 400;\">Sie sorgen daf\u00fcr, dass Sie sich besser und entspannter f\u00fchlen, <\/span><b>in Kontakt mit der Natur<\/b><span style=\"font-weight: 400;\">.<\/span><\/p>\n<p><span style=\"font-weight: 400;\">Die <\/span><b>Vielseitigkeit der <\/b><a href=\"https:\/\/mallorcagrass.com\/jardin-vertical\"><br \/>\n  <span style=\"font-weight: 400;\">k\u00fcnstlichen vertikalen G\u00e4rten<\/span><br \/>\n<\/a> <span style=\"font-weight: 400;\">macht sie zu einer <\/span><b>ideale Option <\/b><span style=\"font-weight: 400;\">f\u00fcr diejenigen, die einen <\/span><b>eine nat\u00fcrliche Note in Ihr Zuhause, Ihr Gesch\u00e4ft, Ihr Hotel oder Ihr B\u00fcro zu bringen, unabh\u00e4ngig von der Gr\u00f6\u00dfe und Form des Raumes, den Sie dekorieren m\u00f6chten.<\/b><span style=\"font-weight: 400;\">unabh\u00e4ngig von der Gr\u00f6\u00dfe und Form des Raumes, den Sie dekorieren m\u00f6chten. <\/span> <\/p>\n<p><b>Das Anlegen eines k\u00fcnstlichen vertikalen Gartens<\/b> <b>erfordert Studium und Erfahrung<\/b><span style=\"font-weight: 400;\">und in diesem Artikel werden die<\/span><b> professionellen Experten<\/b><span style=\"font-weight: 400;\"> Experten f\u00fcr vertikale G\u00e4rten bei <\/span><a href=\"https:\/\/mallorcagrass.com\/\"><br \/>\n  <span style=\"font-weight: 400;\">Mallorca Gras<\/span><br \/>\n<\/a><span style=\"font-weight: 400;\"> ihr Wissen mit Ihnen, um <\/span><b>Sie bei der Auswahl der besten Kunstpflanzen zu beraten<\/b><span style=\"font-weight: 400;\"> f\u00fcr jeden Raum, f\u00fcr ihre Farbe und Form.<\/span><\/p>\n<h2><b>Die gro\u00dfe Vielfalt an Pflanzen, die in einen k\u00fcnstlichen vertikalen Garten integriert werden k\u00f6nnen<\/b><\/h2>\n<p><span style=\"font-weight: 400;\">Einer der gro\u00dfen Vorteile <\/span><b>Vorteile<\/b><span style=\"font-weight: 400;\"> der <\/span><a href=\"https:\/\/mallorcagrass.com\/jardines-verticales-opcion-perfecta-para-decorar-espacios\"><br \/>\n  <span style=\"font-weight: 400;\">k\u00fcnstlichen vertikalen G\u00e4rten<\/span><br \/>\n<\/a> <span style=\"font-weight: 400;\">ist die <\/span><b>gro\u00dfe Vielfalt an Pflanzen <\/b> <span style=\"font-weight: 400;\">die in seine Zusammensetzung aufgenommen werden k\u00f6nnen. Von \u00fcppig  <\/span><b>Farne<\/b><span style=\"font-weight: 400;\"> bis hin zu farbenfrohen <\/span><b>tropischen Blumen<\/b><span style=\"font-weight: 400;\">zu winterharten Sukkulenten <\/span><a href=\"https:\/\/es.wikipedia.org\/wiki\/Suculenta#:~:text=Las%20plantas%20suculentas%20(del%20lat%C3%ADn,las%20plantas%20sin%20esta%20adaptaci%C3%B3n.\" target=\"_blank\" rel=\"noopener\"><br \/>\n  <span style=\"font-weight: 400;\">winterharte Sukkulenten<\/span><br \/>\n<\/a><span style=\"font-weight: 400;\"> und eleganten <\/span><b>H\u00e4ngepflanzen<\/b><span style=\"font-weight: 400;\">die M\u00f6glichkeiten sind fast grenzenlos. <\/span> <\/p>\n<p><span style=\"font-weight: 400;\">Die <\/span><b>hochwertigen Kunstpflanzen<\/b><span style=\"font-weight: 400;\"> bieten ein sehr <\/span><b>sehr realistisches Aussehen<\/b><span style=\"font-weight: 400;\">  Das macht es schwierig, sie von den Pflanzen zu unterscheiden, die sie imitieren. Dies erm\u00f6glicht ihnen die M\u00f6glichkeit  <\/span><b>schaffen gr\u00fcne und einladende Umgebungen<\/b><span style=\"font-weight: 400;\"> ohne dass Sie sich um deren Pflege k\u00fcmmern m\u00fcssen.<\/span><\/p>\n<p><span style=\"font-weight: 400;\">Die <\/span><b>richtige Auswahl der Pflanzen <\/b><span style=\"font-weight: 400;\">die sich in Ihren k\u00fcnstlichen <\/span><b>k\u00fcnstlichen vertikalen Garten <\/b><span style=\"font-weight: 400;\">erg\u00e4nzen <\/span><b>den Stil und die Farbe <\/b> <span style=\"font-weight: 400;\">Ihres Raumes. Das ist der Grund,  <\/span><b>personalisieren Sie<\/b><span style=\"font-weight: 400;\"> ein k\u00fcnstlicher vertikaler Garten mit den richtigen Blumen ist eine Aufgabe f\u00fcr Profis. <\/span><b>Ein Job f\u00fcr Profis.<\/b><\/p>\n<p><span style=\"font-weight: 400;\">Wenn Sie also einen <\/span><b>modernen und minimalistischen Raum<\/b><span style=\"font-weight: 400;\">k\u00f6nnen Sie sich f\u00fcr <\/span><b>Kunstpflanzen <\/b><span style=\"font-weight: 400;\">mit <\/span><b>klaren Formen<\/b><span style=\"font-weight: 400;\"> y <\/span><b>neutralen Farben,<\/b><span style=\"font-weight: 400;\"> Wenn Sie einen \u00fcppigeren <\/span><b>\u00fcppigen und tropischen Look bevorzugen<\/b><span style=\"font-weight: 400;\">Look bevorzugen, k\u00f6nnen Sie <\/span><b>Pflanzen mit gro\u00dfen Bl\u00e4ttern und leuchtenden Farben<\/b><span style=\"font-weight: 400;\">. Wenn Sie beabsichtigen, einen Raum zu dekorieren  <\/span><b>von<\/b> <b>rustikaler Form<\/b><span style=\"font-weight: 400;\">ist es am besten, wenn Sie die <\/span><b>Wildpflanzen<\/b><span style=\"font-weight: 400;\"> in Ihren k\u00fcnstlichen vertikalen Garten zu integrieren.<\/span><\/p>\n<h2><b>Ein k\u00fcnstlicher vertikaler Garten kann an eine unendliche Anzahl von Dimensionen und Formen angepasst werden.  <\/b><\/h2>\n<p><span style=\"font-weight: 400;\">Ein weiterer gro\u00dfer Vorteil von k\u00fcnstlichen <\/span><b>k\u00fcnstlichen vertikalen G\u00e4rten<\/b><span style=\"font-weight: 400;\"> ist ihre F\u00e4higkeit, sich <\/span><b>sich an jeden Raum anzupassen<\/b><span style=\"font-weight: 400;\">unabh\u00e4ngig von ihrer Gr\u00f6\u00dfe und Form. Ob Sie eine<\/span> <b> kleiner Balkon<\/b><span style=\"font-weight: 400;\">eine schmale <\/span><b>schmale Wand<\/b><span style=\"font-weight: 400;\">oder sogar ein <\/span><b>schr\u00e4ges Dach<\/b><span style=\"font-weight: 400;\">kann ein k\u00fcnstlicher vertikaler Garten komplett <\/span><b>komplett verwandeln<\/b><span style=\"font-weight: 400;\">. <\/span> <\/p>\n<p><span style=\"font-weight: 400;\">Dank seiner <\/span><b>modularen Aufbau<\/b><span style=\"font-weight: 400;\">ist es m\u00f6glich <\/span><b>die Gr\u00f6\u00dfe und Form des<\/b><span style=\"font-weight: 400;\"> die Gr\u00f6\u00dfe und Form des vertikalen Gartens an die spezifischen Bed\u00fcrfnisse der jeweiligen Umgebung anzupassen.<\/span><\/p>\n<h2><b>Beratung durch das professionelle Team von Mallorca Grass  <\/b><\/h2>\n<p><span style=\"font-weight: 400;\">Die <\/span><b>Anpassung der k\u00fcnstlichen vertikalen G\u00e4rten<\/b><span style=\"font-weight: 400;\"> ist normalerweise <\/span><b>Arbeit f\u00fcr einen professionellen Experten, aber wenn Sie sich trauen, es selbst zu tun<\/b><span style=\"font-weight: 400;\">aber wenn Sie sich trauen, es selbst zu tun, bei <\/span><a href=\"https:\/\/mallorcagrass.com\/\"><br \/>\n  <span style=\"font-weight: 400;\">Mallorca Gras<\/span><br \/>\n<\/a><span style=\"font-weight: 400;\"> Ihnen die folgenden <\/span><b>Empfehlungen<\/b><span style=\"font-weight: 400;\">:<\/span><\/p>\n<h3><b>Vertikale G\u00e4rten f\u00fcr kleine R\u00e4ume mit wenig Licht<\/b><\/h3>\n<p><span style=\"font-weight: 400;\">F\u00fcr Bereiche mit wenig Licht, wie z.B. Innenr\u00e4ume mit wenig Sonneneinstrahlung oder schattige Ecken, empfiehlt es sich <\/span><b>Kunstpflanzen zu w\u00e4hlen<\/b><span style=\"font-weight: 400;\"> mit <\/span><b>helleren und leuchtenden Farbt\u00f6nen<\/b><span style=\"font-weight: 400;\">. K\u00fcnstliche Farne und  <\/span><b>frisch aussehende H\u00e4ngepflanzen<\/b><span style=\"font-weight: 400;\"> sind eine ausgezeichnete Wahl, da sie einen Hauch von Leben hinzuf\u00fcgen, ohne nat\u00fcrliches Licht zu ben\u00f6tigen.<\/span><\/p>\n<h3><b>Vertikale G\u00e4rten f\u00fcr gro\u00dfe Mauern und Au\u00dfenbereiche<\/b><\/h3>\n<p><span style=\"font-weight: 400;\">Bei gr\u00f6\u00dferen Fl\u00e4chen, wie Au\u00dfenw\u00e4nden oder ger\u00e4umigen Innenr\u00e4umen, ist es m\u00f6glich, verschiedene <\/span><b>Kunstpflanzen in verschiedenen Farben und Formen zu kombinieren<\/b><span style=\"font-weight: 400;\">  um eine visuell ansprechende Komposition zu erstellen. Sie k\u00f6nnen mischen  <\/span><b>lebendige tropische Blumen <\/b><span style=\"font-weight: 400;\">mit <\/span><b>Sukkulenten und Farnen<\/b><span style=\"font-weight: 400;\">f\u00fcr einen abwechslungsreichen und auff\u00e4lligen Effekt.<\/span><\/p>\n<h3><b>Vertikale Dachg\u00e4rten<\/b><\/h3>\n<p><span style=\"font-weight: 400;\">Wenn Sie Dachschr\u00e4gen oder unebene Fl\u00e4chen abdecken m\u00f6chten, entscheiden Sie sich f\u00fcr Kunstpflanzen, die sich leicht an verschiedene Winkel anpassen. <\/span><b>H\u00e4nge- und Kletterpflanzen <\/b><span style=\"font-weight: 400;\">sind die idealen Optionen, um diese R\u00e4ume dynamisch zu gestalten.<\/span><\/p>\n<h3><b>Erstellung von thematischen Dekorationen in vertikalen G\u00e4rten<\/b><\/h3>\n<p><span style=\"font-weight: 400;\">  Sie k\u00f6nnen vertikale Themeng\u00e4rten mit k\u00fcnstlichen Pflanzen anlegen, die an bestimmte Umgebungen erinnern. Sie k\u00f6nnen sich zum Beispiel f\u00fcr eine Auswahl von  <\/span><b>Kakteen und Sukkulenten<\/b><span style=\"font-weight: 400;\"> um einen <\/span><b>W\u00fcstenlook<\/b><span style=\"font-weight: 400;\"> oder mischen Sie <\/span><b>tropische Pflanzen<\/b><span style=\"font-weight: 400;\"> um eine <\/span><b>Dschungel-Oase<\/b><span style=\"font-weight: 400;\">.<\/span><\/p>\n<p>&nbsp;<\/p>\n<p><span style=\"font-weight: 400;\">Wie Sie sehen k\u00f6nnen, ist die <\/span><b>Vielfalt der Kunstpflanzen<\/b><span style=\"font-weight: 400;\"> die auf dem Markt erh\u00e4ltlich sind, zusammen mit der <\/span><b>Anpassungsf\u00e4higkeit der k\u00fcnstlichen vertikalen G\u00e4rten an jede Gr\u00f6\u00dfe und Form<\/b><span style=\"font-weight: 400;\"> an jede Gr\u00f6\u00dfe und Form eines Raums, bieten uns unendlich viele <\/span><b>unendliche M\u00f6glichkeiten zur <\/b><span style=\"font-weight: 400;\">zu dekorieren. <\/span> <\/p>\n<p><span style=\"font-weight: 400;\">Mit der Anleitung eines <\/span><b>professionellen Experten f\u00fcr <\/b><a href=\"https:\/\/mallorcagrass.com\/jardin-vertical\"><br \/>\n  <span style=\"font-weight: 400;\">k\u00fcnstlichen vertikalen G\u00e4rten<\/span><br \/>\n<\/a> <span style=\"font-weight: 400;\">wie zum Beispiel<\/span><b> dem Team von Mallorca Grass<\/b><span style=\"font-weight: 400;\">Team, helfen wir Ihnen bei der <\/span><b>bei der Auswahl der am besten geeigneten Pflanzen <\/b> <span style=\"font-weight: 400;\">f\u00fcr jede Umgebung, sei es nach Farbe, Form oder Thema. Sie werden dann in der Lage sein  <\/span><b>eine nat\u00fcrliche Umgebung genie\u00dfen<\/b><span style=\"font-weight: 400;\"> ohne Sorgen um die Instandhaltung, was eine harmonische und <\/span><b>harmonische und einladende Atmosph\u00e4re<\/b><span style=\"font-weight: 400;\"> in Ihrem Zuhause, Gesch\u00e4ft oder am Arbeitsplatz. <\/span> <\/p>\n<p><span style=\"font-weight: 400;\">Worauf warten Sie noch, um uns zu kontaktieren? Fordern Sie Ihr  <\/span><a href=\"https:\/\/mallorcagrass.com\/contacto\"><br \/>\n  <span style=\"font-weight: 400;\">Angebot<\/span><br \/>\n<\/a><span style=\"font-weight: 400;\"> und wir werden uns so schnell wie m\u00f6glich pers\u00f6nlich um Sie k\u00fcmmern. <\/span> <\/p>\n","protected":false},"excerpt":{"rendered":"<p>Die k\u00fcnstlichen vertikalen G\u00e4rten haben sich zu einem sehr beliebten dekorative Ressource geworden, die weit verbreitet und eine perfekte L\u00f6sung f\u00fcr die Dekoration von R\u00e4umen und Landschaftsgestaltung. Diese wundervollen &#8222;gr\u00fcnen Strukturen&#8220; bringen nicht nur bringen Sch\u00f6nheit und Harmonie in Innen- und Innen- und Au\u00dfenr\u00e4umesondern bieten auch Vorteile f\u00fcr das Wohlbefinden der Menschen Sie sorgen daf\u00fcr, [&hellip;]<\/p>\n","protected":false},"author":7,"featured_media":7830,"comment_status":"open","ping_status":"open","sticky":false,"template":"","format":"standard","meta":{"_et_pb_use_builder":"","_et_pb_old_content":"","_et_gb_content_width":"","footnotes":""},"categories":[33],"tags":[],"class_list":["post-7828","post","type-post","status-publish","format-standard","has-post-thumbnail","hentry","category-unkategorisiert"],"yoast_head":"<!-- This site is optimized with the Yoast SEO plugin v27.4 - https:\/\/yoast.com\/product\/yoast-seo-wordpress\/ -->\n<title>Anpassung von k\u00fcnstlichen vertikalen G\u00e4rten | Mallorca Grass<\/title>\n<meta name=\"description\" content=\"Das Anlegen eines k\u00fcnstlichen vertikalen Gartens erfordert Erfahrung. Vertikale Gartenprofis teilen ihr Wissen.\" \/>\n<meta name=\"robots\" content=\"index, follow, max-snippet:-1, max-image-preview:large, max-video-preview:-1\" \/>\n<link rel=\"canonical\" href=\"https:\/\/mallorcagrass.com\/de\/individuelle-gestaltung-von-kuenstlichen-vertikalen-gaerten-vielfalt-und-anpassungsfaehigkeit-fuer-jeden-raum\" \/>\n<meta property=\"og:locale\" content=\"de_DE\" \/>\n<meta property=\"og:type\" content=\"article\" \/>\n<meta property=\"og:title\" content=\"Anpassung von k\u00fcnstlichen vertikalen G\u00e4rten | Mallorca Grass\" \/>\n<meta property=\"og:description\" content=\"Das Anlegen eines k\u00fcnstlichen vertikalen Gartens erfordert Erfahrung. Vertikale Gartenprofis teilen ihr Wissen.\" \/>\n<meta property=\"og:url\" content=\"https:\/\/mallorcagrass.com\/de\/individuelle-gestaltung-von-kuenstlichen-vertikalen-gaerten-vielfalt-und-anpassungsfaehigkeit-fuer-jeden-raum\" \/>\n<meta property=\"og:site_name\" content=\"Mallorca Grass\" \/>\n<meta property=\"article:published_time\" content=\"2023-07-21T15:37:17+00:00\" \/>\n<meta property=\"article:modified_time\" content=\"2024-07-01T09:36:15+00:00\" \/>\n<meta property=\"og:image\" content=\"https:\/\/mallorcagrass.com\/wp-content\/uploads\/2022\/06\/mallorca-grass-cesped-articial-jardin-vertical1600x1200.jpg\" \/>\n\t<meta property=\"og:image:width\" content=\"1600\" \/>\n\t<meta property=\"og:image:height\" content=\"1200\" \/>\n\t<meta property=\"og:image:type\" content=\"image\/jpeg\" \/>\n<meta name=\"author\" content=\"Starenlared\" \/>\n<meta name=\"twitter:card\" content=\"summary_large_image\" \/>\n<meta name=\"twitter:label1\" content=\"Verfasst von\" \/>\n\t<meta name=\"twitter:data1\" content=\"Starenlared\" \/>\n\t<meta name=\"twitter:label2\" content=\"Gesch\u00e4tzte Lesezeit\" \/>\n\t<meta name=\"twitter:data2\" content=\"5\u00a0Minuten\" \/>\n<script type=\"application\/ld+json\" class=\"yoast-schema-graph\">{\"@context\":\"https:\\\/\\\/schema.org\",\"@graph\":[{\"@type\":\"Article\",\"@id\":\"https:\\\/\\\/mallorcagrass.com\\\/de\\\/individuelle-gestaltung-von-kuenstlichen-vertikalen-gaerten-vielfalt-und-anpassungsfaehigkeit-fuer-jeden-raum#article\",\"isPartOf\":{\"@id\":\"https:\\\/\\\/mallorcagrass.com\\\/de\\\/individuelle-gestaltung-von-kuenstlichen-vertikalen-gaerten-vielfalt-und-anpassungsfaehigkeit-fuer-jeden-raum\"},\"author\":{\"name\":\"Starenlared\",\"@id\":\"https:\\\/\\\/mallorcagrass.com\\\/de\\\/#\\\/schema\\\/person\\\/07b3197556074aa2c7c8604cc4852e45\"},\"headline\":\"Individuelle Gestaltung von k\u00fcnstlichen vertikalen G\u00e4rten: Vielfalt und Anpassungsf\u00e4higkeit f\u00fcr jeden Raum\",\"datePublished\":\"2023-07-21T15:37:17+00:00\",\"dateModified\":\"2024-07-01T09:36:15+00:00\",\"mainEntityOfPage\":{\"@id\":\"https:\\\/\\\/mallorcagrass.com\\\/de\\\/individuelle-gestaltung-von-kuenstlichen-vertikalen-gaerten-vielfalt-und-anpassungsfaehigkeit-fuer-jeden-raum\"},\"wordCount\":985,\"commentCount\":0,\"publisher\":{\"@id\":\"https:\\\/\\\/mallorcagrass.com\\\/de\\\/#organization\"},\"image\":{\"@id\":\"https:\\\/\\\/mallorcagrass.com\\\/de\\\/individuelle-gestaltung-von-kuenstlichen-vertikalen-gaerten-vielfalt-und-anpassungsfaehigkeit-fuer-jeden-raum#primaryimage\"},\"thumbnailUrl\":\"https:\\\/\\\/mallorcagrass.com\\\/wp-content\\\/uploads\\\/2022\\\/06\\\/mallorca-grass-cesped-articial-jardin-vertical1600x1200.jpg\",\"articleSection\":[\"Unkategorisiert\"],\"inLanguage\":\"de\",\"potentialAction\":[{\"@type\":\"CommentAction\",\"name\":\"Comment\",\"target\":[\"https:\\\/\\\/mallorcagrass.com\\\/de\\\/individuelle-gestaltung-von-kuenstlichen-vertikalen-gaerten-vielfalt-und-anpassungsfaehigkeit-fuer-jeden-raum#respond\"]}]},{\"@type\":\"WebPage\",\"@id\":\"https:\\\/\\\/mallorcagrass.com\\\/de\\\/individuelle-gestaltung-von-kuenstlichen-vertikalen-gaerten-vielfalt-und-anpassungsfaehigkeit-fuer-jeden-raum\",\"url\":\"https:\\\/\\\/mallorcagrass.com\\\/de\\\/individuelle-gestaltung-von-kuenstlichen-vertikalen-gaerten-vielfalt-und-anpassungsfaehigkeit-fuer-jeden-raum\",\"name\":\"Anpassung von k\u00fcnstlichen vertikalen G\u00e4rten | Mallorca Grass\",\"isPartOf\":{\"@id\":\"https:\\\/\\\/mallorcagrass.com\\\/de\\\/#website\"},\"primaryImageOfPage\":{\"@id\":\"https:\\\/\\\/mallorcagrass.com\\\/de\\\/individuelle-gestaltung-von-kuenstlichen-vertikalen-gaerten-vielfalt-und-anpassungsfaehigkeit-fuer-jeden-raum#primaryimage\"},\"image\":{\"@id\":\"https:\\\/\\\/mallorcagrass.com\\\/de\\\/individuelle-gestaltung-von-kuenstlichen-vertikalen-gaerten-vielfalt-und-anpassungsfaehigkeit-fuer-jeden-raum#primaryimage\"},\"thumbnailUrl\":\"https:\\\/\\\/mallorcagrass.com\\\/wp-content\\\/uploads\\\/2022\\\/06\\\/mallorca-grass-cesped-articial-jardin-vertical1600x1200.jpg\",\"datePublished\":\"2023-07-21T15:37:17+00:00\",\"dateModified\":\"2024-07-01T09:36:15+00:00\",\"description\":\"Das Anlegen eines k\u00fcnstlichen vertikalen Gartens erfordert Erfahrung. Vertikale Gartenprofis teilen ihr Wissen.\",\"breadcrumb\":{\"@id\":\"https:\\\/\\\/mallorcagrass.com\\\/de\\\/individuelle-gestaltung-von-kuenstlichen-vertikalen-gaerten-vielfalt-und-anpassungsfaehigkeit-fuer-jeden-raum#breadcrumb\"},\"inLanguage\":\"de\",\"potentialAction\":[{\"@type\":\"ReadAction\",\"target\":[\"https:\\\/\\\/mallorcagrass.com\\\/de\\\/individuelle-gestaltung-von-kuenstlichen-vertikalen-gaerten-vielfalt-und-anpassungsfaehigkeit-fuer-jeden-raum\"]}]},{\"@type\":\"ImageObject\",\"inLanguage\":\"de\",\"@id\":\"https:\\\/\\\/mallorcagrass.com\\\/de\\\/individuelle-gestaltung-von-kuenstlichen-vertikalen-gaerten-vielfalt-und-anpassungsfaehigkeit-fuer-jeden-raum#primaryimage\",\"url\":\"https:\\\/\\\/mallorcagrass.com\\\/wp-content\\\/uploads\\\/2022\\\/06\\\/mallorca-grass-cesped-articial-jardin-vertical1600x1200.jpg\",\"contentUrl\":\"https:\\\/\\\/mallorcagrass.com\\\/wp-content\\\/uploads\\\/2022\\\/06\\\/mallorca-grass-cesped-articial-jardin-vertical1600x1200.jpg\",\"width\":1600,\"height\":1200,\"caption\":\"mallorca-grass-cesped-articial-campo-de-golf(1600x1200)\"},{\"@type\":\"BreadcrumbList\",\"@id\":\"https:\\\/\\\/mallorcagrass.com\\\/de\\\/individuelle-gestaltung-von-kuenstlichen-vertikalen-gaerten-vielfalt-und-anpassungsfaehigkeit-fuer-jeden-raum#breadcrumb\",\"itemListElement\":[{\"@type\":\"ListItem\",\"position\":1,\"name\":\"Portada\",\"item\":\"https:\\\/\\\/mallorcagrass.com\\\/de\\\/startseite\"},{\"@type\":\"ListItem\",\"position\":2,\"name\":\"Individuelle Gestaltung von k\u00fcnstlichen vertikalen G\u00e4rten: Vielfalt und Anpassungsf\u00e4higkeit f\u00fcr jeden Raum\"}]},{\"@type\":\"WebSite\",\"@id\":\"https:\\\/\\\/mallorcagrass.com\\\/de\\\/#website\",\"url\":\"https:\\\/\\\/mallorcagrass.com\\\/de\\\/\",\"name\":\"Mallorca Grass | C\u00e9sped Artificial en Mallorca\",\"description\":\"\",\"publisher\":{\"@id\":\"https:\\\/\\\/mallorcagrass.com\\\/de\\\/#organization\"},\"potentialAction\":[{\"@type\":\"SearchAction\",\"target\":{\"@type\":\"EntryPoint\",\"urlTemplate\":\"https:\\\/\\\/mallorcagrass.com\\\/de\\\/?s={search_term_string}\"},\"query-input\":{\"@type\":\"PropertyValueSpecification\",\"valueRequired\":true,\"valueName\":\"search_term_string\"}}],\"inLanguage\":\"de\"},{\"@type\":\"Organization\",\"@id\":\"https:\\\/\\\/mallorcagrass.com\\\/de\\\/#organization\",\"name\":\"Mallorca Grass\",\"url\":\"https:\\\/\\\/mallorcagrass.com\\\/de\\\/\",\"logo\":{\"@type\":\"ImageObject\",\"inLanguage\":\"de\",\"@id\":\"https:\\\/\\\/mallorcagrass.com\\\/de\\\/#\\\/schema\\\/logo\\\/image\\\/\",\"url\":\"https:\\\/\\\/mallorcagrass.com\\\/wp-content\\\/uploads\\\/2022\\\/08\\\/Logo_Mallorca-Grass-Verde628x628.jpg\",\"contentUrl\":\"https:\\\/\\\/mallorcagrass.com\\\/wp-content\\\/uploads\\\/2022\\\/08\\\/Logo_Mallorca-Grass-Verde628x628.jpg\",\"width\":628,\"height\":628,\"caption\":\"Mallorca Grass\"},\"image\":{\"@id\":\"https:\\\/\\\/mallorcagrass.com\\\/de\\\/#\\\/schema\\\/logo\\\/image\\\/\"}},{\"@type\":\"Person\",\"@id\":\"https:\\\/\\\/mallorcagrass.com\\\/de\\\/#\\\/schema\\\/person\\\/07b3197556074aa2c7c8604cc4852e45\",\"name\":\"Starenlared\",\"image\":{\"@type\":\"ImageObject\",\"inLanguage\":\"de\",\"@id\":\"https:\\\/\\\/secure.gravatar.com\\\/avatar\\\/3b4ab7f22c1235d170addf4acbf3093bcf538f00e3e15ecc23afacf8e0f1dd93?s=96&d=mm&r=g\",\"url\":\"https:\\\/\\\/secure.gravatar.com\\\/avatar\\\/3b4ab7f22c1235d170addf4acbf3093bcf538f00e3e15ecc23afacf8e0f1dd93?s=96&d=mm&r=g\",\"contentUrl\":\"https:\\\/\\\/secure.gravatar.com\\\/avatar\\\/3b4ab7f22c1235d170addf4acbf3093bcf538f00e3e15ecc23afacf8e0f1dd93?s=96&d=mm&r=g\",\"caption\":\"Starenlared\"},\"url\":\"https:\\\/\\\/mallorcagrass.com\\\/de\\\/author\\\/starenlared\"}]}<\/script>\n<!-- \/ Yoast SEO plugin. -->","yoast_head_json":{"title":"Anpassung von k\u00fcnstlichen vertikalen G\u00e4rten | Mallorca Grass","description":"Das Anlegen eines k\u00fcnstlichen vertikalen Gartens erfordert Erfahrung. Vertikale Gartenprofis teilen ihr Wissen.","robots":{"index":"index","follow":"follow","max-snippet":"max-snippet:-1","max-image-preview":"max-image-preview:large","max-video-preview":"max-video-preview:-1"},"canonical":"https:\/\/mallorcagrass.com\/de\/individuelle-gestaltung-von-kuenstlichen-vertikalen-gaerten-vielfalt-und-anpassungsfaehigkeit-fuer-jeden-raum","og_locale":"de_DE","og_type":"article","og_title":"Anpassung von k\u00fcnstlichen vertikalen G\u00e4rten | Mallorca Grass","og_description":"Das Anlegen eines k\u00fcnstlichen vertikalen Gartens erfordert Erfahrung. Vertikale Gartenprofis teilen ihr Wissen.","og_url":"https:\/\/mallorcagrass.com\/de\/individuelle-gestaltung-von-kuenstlichen-vertikalen-gaerten-vielfalt-und-anpassungsfaehigkeit-fuer-jeden-raum","og_site_name":"Mallorca Grass","article_published_time":"2023-07-21T15:37:17+00:00","article_modified_time":"2024-07-01T09:36:15+00:00","og_image":[{"width":1600,"height":1200,"url":"https:\/\/mallorcagrass.com\/wp-content\/uploads\/2022\/06\/mallorca-grass-cesped-articial-jardin-vertical1600x1200.jpg","type":"image\/jpeg"}],"author":"Starenlared","twitter_card":"summary_large_image","twitter_misc":{"Verfasst von":"Starenlared","Gesch\u00e4tzte Lesezeit":"5\u00a0Minuten"},"schema":{"@context":"https:\/\/schema.org","@graph":[{"@type":"Article","@id":"https:\/\/mallorcagrass.com\/de\/individuelle-gestaltung-von-kuenstlichen-vertikalen-gaerten-vielfalt-und-anpassungsfaehigkeit-fuer-jeden-raum#article","isPartOf":{"@id":"https:\/\/mallorcagrass.com\/de\/individuelle-gestaltung-von-kuenstlichen-vertikalen-gaerten-vielfalt-und-anpassungsfaehigkeit-fuer-jeden-raum"},"author":{"name":"Starenlared","@id":"https:\/\/mallorcagrass.com\/de\/#\/schema\/person\/07b3197556074aa2c7c8604cc4852e45"},"headline":"Individuelle Gestaltung von k\u00fcnstlichen vertikalen G\u00e4rten: Vielfalt und Anpassungsf\u00e4higkeit f\u00fcr jeden Raum","datePublished":"2023-07-21T15:37:17+00:00","dateModified":"2024-07-01T09:36:15+00:00","mainEntityOfPage":{"@id":"https:\/\/mallorcagrass.com\/de\/individuelle-gestaltung-von-kuenstlichen-vertikalen-gaerten-vielfalt-und-anpassungsfaehigkeit-fuer-jeden-raum"},"wordCount":985,"commentCount":0,"publisher":{"@id":"https:\/\/mallorcagrass.com\/de\/#organization"},"image":{"@id":"https:\/\/mallorcagrass.com\/de\/individuelle-gestaltung-von-kuenstlichen-vertikalen-gaerten-vielfalt-und-anpassungsfaehigkeit-fuer-jeden-raum#primaryimage"},"thumbnailUrl":"https:\/\/mallorcagrass.com\/wp-content\/uploads\/2022\/06\/mallorca-grass-cesped-articial-jardin-vertical1600x1200.jpg","articleSection":["Unkategorisiert"],"inLanguage":"de","potentialAction":[{"@type":"CommentAction","name":"Comment","target":["https:\/\/mallorcagrass.com\/de\/individuelle-gestaltung-von-kuenstlichen-vertikalen-gaerten-vielfalt-und-anpassungsfaehigkeit-fuer-jeden-raum#respond"]}]},{"@type":"WebPage","@id":"https:\/\/mallorcagrass.com\/de\/individuelle-gestaltung-von-kuenstlichen-vertikalen-gaerten-vielfalt-und-anpassungsfaehigkeit-fuer-jeden-raum","url":"https:\/\/mallorcagrass.com\/de\/individuelle-gestaltung-von-kuenstlichen-vertikalen-gaerten-vielfalt-und-anpassungsfaehigkeit-fuer-jeden-raum","name":"Anpassung von k\u00fcnstlichen vertikalen G\u00e4rten | Mallorca Grass","isPartOf":{"@id":"https:\/\/mallorcagrass.com\/de\/#website"},"primaryImageOfPage":{"@id":"https:\/\/mallorcagrass.com\/de\/individuelle-gestaltung-von-kuenstlichen-vertikalen-gaerten-vielfalt-und-anpassungsfaehigkeit-fuer-jeden-raum#primaryimage"},"image":{"@id":"https:\/\/mallorcagrass.com\/de\/individuelle-gestaltung-von-kuenstlichen-vertikalen-gaerten-vielfalt-und-anpassungsfaehigkeit-fuer-jeden-raum#primaryimage"},"thumbnailUrl":"https:\/\/mallorcagrass.com\/wp-content\/uploads\/2022\/06\/mallorca-grass-cesped-articial-jardin-vertical1600x1200.jpg","datePublished":"2023-07-21T15:37:17+00:00","dateModified":"2024-07-01T09:36:15+00:00","description":"Das Anlegen eines k\u00fcnstlichen vertikalen Gartens erfordert Erfahrung. Vertikale Gartenprofis teilen ihr Wissen.","breadcrumb":{"@id":"https:\/\/mallorcagrass.com\/de\/individuelle-gestaltung-von-kuenstlichen-vertikalen-gaerten-vielfalt-und-anpassungsfaehigkeit-fuer-jeden-raum#breadcrumb"},"inLanguage":"de","potentialAction":[{"@type":"ReadAction","target":["https:\/\/mallorcagrass.com\/de\/individuelle-gestaltung-von-kuenstlichen-vertikalen-gaerten-vielfalt-und-anpassungsfaehigkeit-fuer-jeden-raum"]}]},{"@type":"ImageObject","inLanguage":"de","@id":"https:\/\/mallorcagrass.com\/de\/individuelle-gestaltung-von-kuenstlichen-vertikalen-gaerten-vielfalt-und-anpassungsfaehigkeit-fuer-jeden-raum#primaryimage","url":"https:\/\/mallorcagrass.com\/wp-content\/uploads\/2022\/06\/mallorca-grass-cesped-articial-jardin-vertical1600x1200.jpg","contentUrl":"https:\/\/mallorcagrass.com\/wp-content\/uploads\/2022\/06\/mallorca-grass-cesped-articial-jardin-vertical1600x1200.jpg","width":1600,"height":1200,"caption":"mallorca-grass-cesped-articial-campo-de-golf(1600x1200)"},{"@type":"BreadcrumbList","@id":"https:\/\/mallorcagrass.com\/de\/individuelle-gestaltung-von-kuenstlichen-vertikalen-gaerten-vielfalt-und-anpassungsfaehigkeit-fuer-jeden-raum#breadcrumb","itemListElement":[{"@type":"ListItem","position":1,"name":"Portada","item":"https:\/\/mallorcagrass.com\/de\/startseite"},{"@type":"ListItem","position":2,"name":"Individuelle Gestaltung von k\u00fcnstlichen vertikalen G\u00e4rten: Vielfalt und Anpassungsf\u00e4higkeit f\u00fcr jeden Raum"}]},{"@type":"WebSite","@id":"https:\/\/mallorcagrass.com\/de\/#website","url":"https:\/\/mallorcagrass.com\/de\/","name":"Mallorca Grass | C\u00e9sped Artificial en Mallorca","description":"","publisher":{"@id":"https:\/\/mallorcagrass.com\/de\/#organization"},"potentialAction":[{"@type":"SearchAction","target":{"@type":"EntryPoint","urlTemplate":"https:\/\/mallorcagrass.com\/de\/?s={search_term_string}"},"query-input":{"@type":"PropertyValueSpecification","valueRequired":true,"valueName":"search_term_string"}}],"inLanguage":"de"},{"@type":"Organization","@id":"https:\/\/mallorcagrass.com\/de\/#organization","name":"Mallorca Grass","url":"https:\/\/mallorcagrass.com\/de\/","logo":{"@type":"ImageObject","inLanguage":"de","@id":"https:\/\/mallorcagrass.com\/de\/#\/schema\/logo\/image\/","url":"https:\/\/mallorcagrass.com\/wp-content\/uploads\/2022\/08\/Logo_Mallorca-Grass-Verde628x628.jpg","contentUrl":"https:\/\/mallorcagrass.com\/wp-content\/uploads\/2022\/08\/Logo_Mallorca-Grass-Verde628x628.jpg","width":628,"height":628,"caption":"Mallorca Grass"},"image":{"@id":"https:\/\/mallorcagrass.com\/de\/#\/schema\/logo\/image\/"}},{"@type":"Person","@id":"https:\/\/mallorcagrass.com\/de\/#\/schema\/person\/07b3197556074aa2c7c8604cc4852e45","name":"Starenlared","image":{"@type":"ImageObject","inLanguage":"de","@id":"https:\/\/secure.gravatar.com\/avatar\/3b4ab7f22c1235d170addf4acbf3093bcf538f00e3e15ecc23afacf8e0f1dd93?s=96&d=mm&r=g","url":"https:\/\/secure.gravatar.com\/avatar\/3b4ab7f22c1235d170addf4acbf3093bcf538f00e3e15ecc23afacf8e0f1dd93?s=96&d=mm&r=g","contentUrl":"https:\/\/secure.gravatar.com\/avatar\/3b4ab7f22c1235d170addf4acbf3093bcf538f00e3e15ecc23afacf8e0f1dd93?s=96&d=mm&r=g","caption":"Starenlared"},"url":"https:\/\/mallorcagrass.com\/de\/author\/starenlared"}]}},"_links":{"self":[{"href":"https:\/\/mallorcagrass.com\/de\/wp-json\/wp\/v2\/posts\/7828","targetHints":{"allow":["GET"]}}],"collection":[{"href":"https:\/\/mallorcagrass.com\/de\/wp-json\/wp\/v2\/posts"}],"about":[{"href":"https:\/\/mallorcagrass.com\/de\/wp-json\/wp\/v2\/types\/post"}],"author":[{"embeddable":true,"href":"https:\/\/mallorcagrass.com\/de\/wp-json\/wp\/v2\/users\/7"}],"replies":[{"embeddable":true,"href":"https:\/\/mallorcagrass.com\/de\/wp-json\/wp\/v2\/comments?post=7828"}],"version-history":[{"count":0,"href":"https:\/\/mallorcagrass.com\/de\/wp-json\/wp\/v2\/posts\/7828\/revisions"}],"wp:featuredmedia":[{"embeddable":true,"href":"https:\/\/mallorcagrass.com\/de\/wp-json\/wp\/v2\/media\/7830"}],"wp:attachment":[{"href":"https:\/\/mallorcagrass.com\/de\/wp-json\/wp\/v2\/media?parent=7828"}],"wp:term":[{"taxonomy":"category","embeddable":true,"href":"https:\/\/mallorcagrass.com\/de\/wp-json\/wp\/v2\/categories?post=7828"},{"taxonomy":"post_tag","embeddable":true,"href":"https:\/\/mallorcagrass.com\/de\/wp-json\/wp\/v2\/tags?post=7828"}],"curies":[{"name":"wp","href":"https:\/\/api.w.org\/{rel}","templated":true}]}}