{"id":7833,"date":"2023-01-14T13:34:52","date_gmt":"2023-01-14T13:34:52","guid":{"rendered":"https:\/\/mallorcagrass.com\/wie-lange-haelt-kunstrasen"},"modified":"2024-07-03T11:38:05","modified_gmt":"2024-07-03T11:38:05","slug":"wie-lange-haelt-kunstrasen","status":"publish","type":"post","link":"https:\/\/mallorcagrass.com\/de\/wie-lange-haelt-kunstrasen","title":{"rendered":"Wie lange h\u00e4lt Kunstrasen?"},"content":{"rendered":"<p><span style=\"font-weight: 400;\">Unter <\/span><b>Mallorca<\/b><span style=\"font-weight: 400;\">mehr und mehr H\u00e4user und Gesch\u00e4fte <\/span><b>und Unternehmen<\/b><span style=\"font-weight: 400;\"> entscheiden sich f\u00fcr <\/span><b>Kunstrasen f\u00fcr ihre G\u00e4rten und Gemeinschaftsbereiche<\/b><span style=\"font-weight: 400;\">. Mit Kunstrasen erhalten Sie das gleiche Ergebnis wie mit Naturrasen, mit dem Vorteil, dass er nicht so viel Bew\u00e4sserung, Pflege oder chemische Produkte ben\u00f6tigt, und Sie k\u00f6nnen ihn viele Jahre lang genie\u00dfen, als w\u00e4re es der erste Tag.  <\/span><\/p>\n<p><span style=\"font-weight: 400;\">In Bezug auf die Pflege und <\/span><strong><br \/>\n  <a href=\"https:\/\/mallorcagrass.com\/como-limpiar-cesped-artificial\">Pflege und Reinigung von Kunstrasen<\/a><br \/>\n<\/strong>fragen uns viele Kunden: <b>Wie lange kann Kunstrasen halten?<\/b><\/p>\n<p><span style=\"font-weight: 400;\">Obwohl Kunstrasen normalerweise mit einer Produkt <\/span><b>Produktgarantie von 8 bis 10 Jahren<\/b><span style=\"font-weight: 400;\">ist die zu erwartende Lebensdauer wesentlich l\u00e4nger: Branchenexperten sch\u00e4tzen, dass sie mindestens 12 bis 15 Jahre betr\u00e4gt. <\/span><b>zwischen 12 und 15 Jahren, <\/b> <span style=\"font-weight: 400;\">wenn man sie richtig pflegt. Dieser Zeitrahmen ist jedoch nur eine Sch\u00e4tzung, wenn wir einige der folgenden Punkte nicht ber\u00fccksichtigen  <\/span><b>grundlegende Elemente, die sich direkt auf diese Daten auswirken<\/b><span style=\"font-weight: 400;\">. <\/span> <\/p>\n<h2><b>Faktoren, die die Haltbarkeit von Kunstrasen beeinflussen<\/b><\/h2>\n<p><span style=\"font-weight: 400;\">Die wichtigsten Faktoren, die einen direkten Einfluss auf die Lebensdauer von Kunstrasen haben, sind:<\/span><\/p>\n<h3><b>Das Klima auf Mallorca und die Stunden direkter Sonneneinstrahlung<\/b><\/h3>\n<p><span style=\"font-weight: 400;\">Das Klima auf Mallorca ist typisch mediterran. <\/span><b>Mediterran. <\/b> <span style=\"font-weight: 400;\">Es zeichnet sich durch einen mehr oder weniger milden Winter aus, dank des Einflusses des Meeres, und durch hei\u00dfe Sommer, die dank der mediterranen Brise jedoch ertr\u00e4glich sind. Die meisten Niederschl\u00e4ge fallen von Oktober bis Februar und nehmen im Fr\u00fchjahr allm\u00e4hlich ab.  <\/span><\/p>\n<p><span style=\"font-weight: 400;\">Der <\/span><strong><br \/>\n  <a href=\"https:\/\/mallorcagrass.com\/cesped-artificial\">Kunstrasen <\/a><br \/>\n<\/strong><span style=\"font-weight: 400;\">von <\/span><b>Mallorca Gras<\/b><span style=\"font-weight: 400;\"> ist <\/span><b>perfekt kompatibel<\/b><span style=\"font-weight: 400;\"> mit diesen Eigenschaften und daher <\/span><b>das Klima auf Mallorca der Haltbarkeit unseres Kunstrasens nicht abtr\u00e4glich ist. <\/b><span style=\"font-weight: 400;\">von unserem Kunstrasen. <\/span> <\/p>\n<p><span style=\"font-weight: 400;\">Es ist zu bedenken, dass <\/span><b>die Sonne das Gras zersetzt <\/b><span style=\"font-weight: 400;\">und auf Mallorca gibt es ziemlich viele Sonnenstunden, daher ist es <\/span><b>empfehlenswert <\/b><span style=\"font-weight: 400;\">dass<\/span><b> der Kunstrasen <\/b><span style=\"font-weight: 400;\">den Sie w\u00e4hlen<\/span><b> UV-best\u00e4ndig sein sollte. <\/b> <\/p>\n<h3><b>W\u00e4hlen Sie den geeigneten Kunstrasen je nach Verwendungszweck.<\/b><\/h3>\n<p><span style=\"font-weight: 400;\">Es ist wichtig, dies zu bedenken, <\/span><b>je mehr Abnutzung<\/b><span style=\"font-weight: 400;\"> je mehr Abnutzung ein Kunstrasen hat, <\/span><b>desto besser sollte seine Qualit\u00e4t sein<\/b><span style=\"font-weight: 400;\"> damit seine Haltbarkeit nicht beeintr\u00e4chtigt wird. <\/span> <\/p>\n<p><span style=\"font-weight: 400;\">Beeinflusst sowohl den <\/span><b>Verkehr<\/b> <b>von Menschen\/Tieren<\/b><span style=\"font-weight: 400;\"> als auch die Nutzung, f\u00fcr die es gedacht ist <\/span><b>die Nutzung, f\u00fcr die er verwendet werden soll: <\/b> <span style=\"font-weight: 400;\">rein dekorativ, zur Erholung, neben einem Swimmingpool oder Spielplatz&#8230; All dies muss ber\u00fccksichtigt werden, um sicherzustellen, dass die  <\/span><b>der gew\u00e4hlte Kunstrasen geeignet ist<\/b><span style=\"font-weight: 400;\">. <\/span> <\/p>\n<h3><b>Die Qualit\u00e4t des verlegten Kunstrasens<\/b><\/h3>\n<p><span style=\"font-weight: 400;\">Der <\/span><b>Kunstrasen von <\/b><strong><br \/>\n  <a href=\"https:\/\/mallorcagrass.com\/\">Mallorca Rasen<\/a><br \/>\n<\/strong><span style=\"font-weight: 400;\"> ist <\/span><b>sehr strapazierf\u00e4hig<\/b><span style=\"font-weight: 400;\">  um den Test der Zeit zu bestehen. Die Fasern unserer Gr\u00e4ser werden hergestellt aus  <\/span><b>Garne von h\u00f6chster Qualit\u00e4t<\/b><span style=\"font-weight: 400;\"> und sind mit der Grasnarbe aus Polyurethan und Latex vern\u00e4ht. <\/span><b>Polyurethan und Latex<\/b><span style=\"font-weight: 400;\">. Diese Materialien erm\u00f6glichen unserem Kunstrasen  <\/span><b>an die Eigenschaften jedes Gel\u00e4ndes und jeder Oberfl\u00e4che anpassbar <\/b><span style=\"font-weight: 400;\">und bieten eine <\/span><b>hohe Drainagekapazit\u00e4t<\/b><span style=\"font-weight: 400;\">.<\/span><\/p>\n<h3><b>Korrekte Verlegung von Kunstrasen<\/b><\/h3>\n<p><span style=\"font-weight: 400;\">Wenn der Rasen von guten Fachleuten verlegt wurde, besteht kein Zweifel, dass <\/span><b>von guten Fachleuten verlegt wurde<\/b><span style=\"font-weight: 400;\">Profis verlegt wurde, wird <\/span><b>die Lebensdauer Ihres Kunstrasens garantiert ist.<\/b><span style=\"font-weight: 400;\">. Behandeln Sie die Oberfl\u00e4che, auf der er installiert wird, entsprechend, gestalten Sie die B\u00f6schungen in geeigneter Weise, l\u00f6sen Sie das Entw\u00e4sserungsproblem, indem Sie einen nat\u00fcrlichen Abfluss f\u00fcr das Wasser vorsehen&#8230; Kurz und b\u00fcndig,  <\/span><b>Wir k\u00fcmmern uns um jedes Detail der Verlegung, um eine lange Lebensdauer Ihres Kunstrasens zu gew\u00e4hrleisten.<\/b><span style=\"font-weight: 400;\">.<\/span><\/p>\n<h3><b>Vermeiden Sie den Missbrauch von Kunstrasen<\/b><\/h3>\n<p><span style=\"font-weight: 400;\">Es versteht sich von selbst, dass eine unsachgem\u00e4\u00dfe <\/span><b>unsachgem\u00e4\u00dfe Verwendung von Kunstrasen<\/b><span style=\"font-weight: 400;\"> Ihres Gartens oder einer Gemeinschaftsfl\u00e4che die <\/span><b>seiner Lebensdauer schadet.<\/b><span style=\"font-weight: 400;\">. Wenn wir \u00fcber unangemessene Verwendungen sprechen, beziehen wir uns auf:  <\/span><\/p>\n<ul>\n<li style=\"font-weight: 400;\" aria-level=\"1\"><span style=\"font-weight: 400;\">Vandalistische Handlungen wie das Herausrei\u00dfen von Kunstrasen aus dem Boden<\/span><\/li>\n<li style=\"font-weight: 400;\" aria-level=\"1\"><span style=\"font-weight: 400;\">Verbrennungen, zum Beispiel durch Zigaretten oder Grillen<\/span><\/li>\n<li style=\"font-weight: 400;\" aria-level=\"1\"><span style=\"font-weight: 400;\">Schnitte oder Einstiche, die zum Beispiel von Schirmst\u00f6cken oder Holzpfl\u00f6cken verursacht werden&#8230;<\/span><\/li>\n<li style=\"font-weight: 400;\" aria-level=\"1\"><span style=\"font-weight: 400;\">Versch\u00fctten von gef\u00e4hrlichen oder \u00e4tzenden Fl\u00fcssigkeiten wie Bleichmittel oder starkes Wasser (Salfuman)<\/span><\/li>\n<li style=\"font-weight: 400;\" aria-level=\"1\"><span style=\"font-weight: 400;\">Nichteinhaltung der Herstelleranweisungen f\u00fcr die Rasenpflege, wie z.B. monatliches oder zweimonatliches Reinigen, B\u00fcrsten oder W\u00e4ssern.<\/span><\/li>\n<\/ul>\n<p><span style=\"font-weight: 400;\">In dieser Hinsicht m\u00fcssen Sie verantwortungsbewusst sein und <\/span><b>Ihren Kunstrasen wie jedes andere Element in Ihrem Haus, Gesch\u00e4ft oder Garten pflegen.<\/b><span style=\"font-weight: 400;\"> Ihres Hauses, Ihres Gesch\u00e4fts oder Ihres Gartens. <\/span> <\/p>\n<h3><b>Richtige Wartung durchf\u00fchren<\/b><\/h3>\n<p><span style=\"font-weight: 400;\">Obwohl er viel weniger Pflege ben\u00f6tigt als ein nat\u00fcrlicher Rasen, ist es richtig, dass er ein Minimum an Pflege ben\u00f6tigt. <\/span><b>minimale Pflegearbeiten<\/b><span style=\"font-weight: 400;\"> um ihn so gut wie neu aussehen zu lassen: <\/span><b>den Rasen b\u00fcrsten und regelm\u00e4\u00dfig w\u00e4ssern<\/b><span style=\"font-weight: 400;\">. Auf diese Weise beh\u00e4lt er Jahr f\u00fcr Jahr seine Farbe und Struktur.<\/span><\/p>\n<p><span style=\"font-weight: 400;\">Aus all diesen Gr\u00fcnden k\u00f6nnen Sie sich darauf verlassen, dass <\/span><b>Ihre Investition in Kunstrasen <\/b><span style=\"font-weight: 400;\">in Ihrem Garten <\/span><b>sich im Laufe seiner Nutzungsdauer mehr als bezahlt machen wird.<\/b><span style=\"font-weight: 400;\">. <\/span> <\/p>\n<p><span style=\"font-weight: 400;\">Z\u00e4hlen Sie auf die <\/span><b>professionellen Kunstrasen-Experten<\/b><span style=\"font-weight: 400;\"> bei <\/span><strong><br \/>\n  <a href=\"https:\/\/mallorcagrass.com\/\">Mallorca Rasen<\/a><br \/>\n<\/strong><span style=\"font-weight: 400;\">Wir verf\u00fcgen \u00fcber mehr als 15 Jahre Erfahrung in diesem Sektor. Wir beraten Sie bei der Auswahl des von Ihnen ben\u00f6tigten Kunstrasens, seiner Verlegung und Pflege, um sicherzustellen, dass  <\/span><b>seine Haltbarkeit ist so lang wie m\u00f6glich<\/b><span style=\"font-weight: 400;\">. <\/span> <\/p>\n","protected":false},"excerpt":{"rendered":"<p>Unter Mallorcamehr und mehr H\u00e4user und Gesch\u00e4fte und Unternehmen entscheiden sich f\u00fcr Kunstrasen f\u00fcr ihre G\u00e4rten und Gemeinschaftsbereiche. Mit Kunstrasen erhalten Sie das gleiche Ergebnis wie mit Naturrasen, mit dem Vorteil, dass er nicht so viel Bew\u00e4sserung, Pflege oder chemische Produkte ben\u00f6tigt, und Sie k\u00f6nnen ihn viele Jahre lang genie\u00dfen, als w\u00e4re es der erste [&hellip;]<\/p>\n","protected":false},"author":7,"featured_media":7835,"comment_status":"open","ping_status":"open","sticky":false,"template":"","format":"standard","meta":{"_et_pb_use_builder":"","_et_pb_old_content":"","_et_gb_content_width":"","footnotes":""},"categories":[41],"tags":[],"class_list":["post-7833","post","type-post","status-publish","format-standard","has-post-thumbnail","hentry","category-blog-de"],"yoast_head":"<!-- This site is optimized with the Yoast SEO plugin v27.4 - https:\/\/yoast.com\/product\/yoast-seo-wordpress\/ -->\n<title>Wie lange h\u00e4lt Kunstrasen? | Mallorca Gras<\/title>\n<meta name=\"description\" content=\"Es gibt mehrere Hauptfaktoren, die einen direkten Einfluss auf die Lebensdauer von Kunstrasen haben. Auf Mallorca sind diese...\" \/>\n<meta name=\"robots\" content=\"index, follow, max-snippet:-1, max-image-preview:large, max-video-preview:-1\" \/>\n<link rel=\"canonical\" href=\"https:\/\/mallorcagrass.com\/de\/wie-lange-haelt-kunstrasen\" \/>\n<meta property=\"og:locale\" content=\"de_DE\" \/>\n<meta property=\"og:type\" content=\"article\" \/>\n<meta property=\"og:title\" content=\"Wie lange h\u00e4lt Kunstrasen? | Mallorca Gras\" \/>\n<meta property=\"og:description\" content=\"Es gibt mehrere Hauptfaktoren, die einen direkten Einfluss auf die Lebensdauer von Kunstrasen haben. Auf Mallorca sind diese...\" \/>\n<meta property=\"og:url\" content=\"https:\/\/mallorcagrass.com\/de\/wie-lange-haelt-kunstrasen\" \/>\n<meta property=\"og:site_name\" content=\"Mallorca Grass\" \/>\n<meta property=\"article:published_time\" content=\"2023-01-14T13:34:52+00:00\" \/>\n<meta property=\"article:modified_time\" content=\"2024-07-03T11:38:05+00:00\" \/>\n<meta property=\"og:image\" content=\"https:\/\/mallorcagrass.com\/wp-content\/uploads\/2023\/02\/duracion-cesped-artificial-1-scaled.jpg\" \/>\n\t<meta property=\"og:image:width\" content=\"2560\" \/>\n\t<meta property=\"og:image:height\" content=\"1707\" \/>\n\t<meta property=\"og:image:type\" content=\"image\/jpeg\" \/>\n<meta name=\"author\" content=\"Starenlared\" \/>\n<meta name=\"twitter:card\" content=\"summary_large_image\" \/>\n<meta name=\"twitter:label1\" content=\"Verfasst von\" \/>\n\t<meta name=\"twitter:data1\" content=\"Starenlared\" \/>\n\t<meta name=\"twitter:label2\" content=\"Gesch\u00e4tzte Lesezeit\" \/>\n\t<meta name=\"twitter:data2\" content=\"4\u00a0Minuten\" \/>\n<script type=\"application\/ld+json\" class=\"yoast-schema-graph\">{\"@context\":\"https:\\\/\\\/schema.org\",\"@graph\":[{\"@type\":\"Article\",\"@id\":\"https:\\\/\\\/mallorcagrass.com\\\/de\\\/wie-lange-haelt-kunstrasen#article\",\"isPartOf\":{\"@id\":\"https:\\\/\\\/mallorcagrass.com\\\/de\\\/wie-lange-haelt-kunstrasen\"},\"author\":{\"name\":\"Starenlared\",\"@id\":\"https:\\\/\\\/mallorcagrass.com\\\/de\\\/#\\\/schema\\\/person\\\/07b3197556074aa2c7c8604cc4852e45\"},\"headline\":\"Wie lange h\u00e4lt Kunstrasen?\",\"datePublished\":\"2023-01-14T13:34:52+00:00\",\"dateModified\":\"2024-07-03T11:38:05+00:00\",\"mainEntityOfPage\":{\"@id\":\"https:\\\/\\\/mallorcagrass.com\\\/de\\\/wie-lange-haelt-kunstrasen\"},\"wordCount\":826,\"commentCount\":0,\"publisher\":{\"@id\":\"https:\\\/\\\/mallorcagrass.com\\\/de\\\/#organization\"},\"image\":{\"@id\":\"https:\\\/\\\/mallorcagrass.com\\\/de\\\/wie-lange-haelt-kunstrasen#primaryimage\"},\"thumbnailUrl\":\"https:\\\/\\\/mallorcagrass.com\\\/wp-content\\\/uploads\\\/2023\\\/02\\\/duracion-cesped-artificial-1-scaled.jpg\",\"articleSection\":[\"Blog\"],\"inLanguage\":\"de\",\"potentialAction\":[{\"@type\":\"CommentAction\",\"name\":\"Comment\",\"target\":[\"https:\\\/\\\/mallorcagrass.com\\\/de\\\/wie-lange-haelt-kunstrasen#respond\"]}]},{\"@type\":\"WebPage\",\"@id\":\"https:\\\/\\\/mallorcagrass.com\\\/de\\\/wie-lange-haelt-kunstrasen\",\"url\":\"https:\\\/\\\/mallorcagrass.com\\\/de\\\/wie-lange-haelt-kunstrasen\",\"name\":\"Wie lange h\u00e4lt Kunstrasen? | Mallorca Gras\",\"isPartOf\":{\"@id\":\"https:\\\/\\\/mallorcagrass.com\\\/de\\\/#website\"},\"primaryImageOfPage\":{\"@id\":\"https:\\\/\\\/mallorcagrass.com\\\/de\\\/wie-lange-haelt-kunstrasen#primaryimage\"},\"image\":{\"@id\":\"https:\\\/\\\/mallorcagrass.com\\\/de\\\/wie-lange-haelt-kunstrasen#primaryimage\"},\"thumbnailUrl\":\"https:\\\/\\\/mallorcagrass.com\\\/wp-content\\\/uploads\\\/2023\\\/02\\\/duracion-cesped-artificial-1-scaled.jpg\",\"datePublished\":\"2023-01-14T13:34:52+00:00\",\"dateModified\":\"2024-07-03T11:38:05+00:00\",\"description\":\"Es gibt mehrere Hauptfaktoren, die einen direkten Einfluss auf die Lebensdauer von Kunstrasen haben. Auf Mallorca sind diese...\",\"breadcrumb\":{\"@id\":\"https:\\\/\\\/mallorcagrass.com\\\/de\\\/wie-lange-haelt-kunstrasen#breadcrumb\"},\"inLanguage\":\"de\",\"potentialAction\":[{\"@type\":\"ReadAction\",\"target\":[\"https:\\\/\\\/mallorcagrass.com\\\/de\\\/wie-lange-haelt-kunstrasen\"]}]},{\"@type\":\"ImageObject\",\"inLanguage\":\"de\",\"@id\":\"https:\\\/\\\/mallorcagrass.com\\\/de\\\/wie-lange-haelt-kunstrasen#primaryimage\",\"url\":\"https:\\\/\\\/mallorcagrass.com\\\/wp-content\\\/uploads\\\/2023\\\/02\\\/duracion-cesped-artificial-1-scaled.jpg\",\"contentUrl\":\"https:\\\/\\\/mallorcagrass.com\\\/wp-content\\\/uploads\\\/2023\\\/02\\\/duracion-cesped-artificial-1-scaled.jpg\",\"width\":2560,\"height\":1707,\"caption\":\"close-up of hands installing artificial grass\"},{\"@type\":\"BreadcrumbList\",\"@id\":\"https:\\\/\\\/mallorcagrass.com\\\/de\\\/wie-lange-haelt-kunstrasen#breadcrumb\",\"itemListElement\":[{\"@type\":\"ListItem\",\"position\":1,\"name\":\"Portada\",\"item\":\"https:\\\/\\\/mallorcagrass.com\\\/de\\\/startseite\"},{\"@type\":\"ListItem\",\"position\":2,\"name\":\"Wie lange h\u00e4lt Kunstrasen?\"}]},{\"@type\":\"WebSite\",\"@id\":\"https:\\\/\\\/mallorcagrass.com\\\/de\\\/#website\",\"url\":\"https:\\\/\\\/mallorcagrass.com\\\/de\\\/\",\"name\":\"Mallorca Grass | C\u00e9sped Artificial en Mallorca\",\"description\":\"\",\"publisher\":{\"@id\":\"https:\\\/\\\/mallorcagrass.com\\\/de\\\/#organization\"},\"potentialAction\":[{\"@type\":\"SearchAction\",\"target\":{\"@type\":\"EntryPoint\",\"urlTemplate\":\"https:\\\/\\\/mallorcagrass.com\\\/de\\\/?s={search_term_string}\"},\"query-input\":{\"@type\":\"PropertyValueSpecification\",\"valueRequired\":true,\"valueName\":\"search_term_string\"}}],\"inLanguage\":\"de\"},{\"@type\":\"Organization\",\"@id\":\"https:\\\/\\\/mallorcagrass.com\\\/de\\\/#organization\",\"name\":\"Mallorca Grass\",\"url\":\"https:\\\/\\\/mallorcagrass.com\\\/de\\\/\",\"logo\":{\"@type\":\"ImageObject\",\"inLanguage\":\"de\",\"@id\":\"https:\\\/\\\/mallorcagrass.com\\\/de\\\/#\\\/schema\\\/logo\\\/image\\\/\",\"url\":\"https:\\\/\\\/mallorcagrass.com\\\/wp-content\\\/uploads\\\/2022\\\/08\\\/Logo_Mallorca-Grass-Verde628x628.jpg\",\"contentUrl\":\"https:\\\/\\\/mallorcagrass.com\\\/wp-content\\\/uploads\\\/2022\\\/08\\\/Logo_Mallorca-Grass-Verde628x628.jpg\",\"width\":628,\"height\":628,\"caption\":\"Mallorca Grass\"},\"image\":{\"@id\":\"https:\\\/\\\/mallorcagrass.com\\\/de\\\/#\\\/schema\\\/logo\\\/image\\\/\"}},{\"@type\":\"Person\",\"@id\":\"https:\\\/\\\/mallorcagrass.com\\\/de\\\/#\\\/schema\\\/person\\\/07b3197556074aa2c7c8604cc4852e45\",\"name\":\"Starenlared\",\"image\":{\"@type\":\"ImageObject\",\"inLanguage\":\"de\",\"@id\":\"https:\\\/\\\/secure.gravatar.com\\\/avatar\\\/3b4ab7f22c1235d170addf4acbf3093bcf538f00e3e15ecc23afacf8e0f1dd93?s=96&d=mm&r=g\",\"url\":\"https:\\\/\\\/secure.gravatar.com\\\/avatar\\\/3b4ab7f22c1235d170addf4acbf3093bcf538f00e3e15ecc23afacf8e0f1dd93?s=96&d=mm&r=g\",\"contentUrl\":\"https:\\\/\\\/secure.gravatar.com\\\/avatar\\\/3b4ab7f22c1235d170addf4acbf3093bcf538f00e3e15ecc23afacf8e0f1dd93?s=96&d=mm&r=g\",\"caption\":\"Starenlared\"},\"url\":\"https:\\\/\\\/mallorcagrass.com\\\/de\\\/author\\\/starenlared\"}]}<\/script>\n<!-- \/ Yoast SEO plugin. -->","yoast_head_json":{"title":"Wie lange h\u00e4lt Kunstrasen? | Mallorca Gras","description":"Es gibt mehrere Hauptfaktoren, die einen direkten Einfluss auf die Lebensdauer von Kunstrasen haben. Auf Mallorca sind diese...","robots":{"index":"index","follow":"follow","max-snippet":"max-snippet:-1","max-image-preview":"max-image-preview:large","max-video-preview":"max-video-preview:-1"},"canonical":"https:\/\/mallorcagrass.com\/de\/wie-lange-haelt-kunstrasen","og_locale":"de_DE","og_type":"article","og_title":"Wie lange h\u00e4lt Kunstrasen? | Mallorca Gras","og_description":"Es gibt mehrere Hauptfaktoren, die einen direkten Einfluss auf die Lebensdauer von Kunstrasen haben. Auf Mallorca sind diese...","og_url":"https:\/\/mallorcagrass.com\/de\/wie-lange-haelt-kunstrasen","og_site_name":"Mallorca Grass","article_published_time":"2023-01-14T13:34:52+00:00","article_modified_time":"2024-07-03T11:38:05+00:00","og_image":[{"width":2560,"height":1707,"url":"https:\/\/mallorcagrass.com\/wp-content\/uploads\/2023\/02\/duracion-cesped-artificial-1-scaled.jpg","type":"image\/jpeg"}],"author":"Starenlared","twitter_card":"summary_large_image","twitter_misc":{"Verfasst von":"Starenlared","Gesch\u00e4tzte Lesezeit":"4\u00a0Minuten"},"schema":{"@context":"https:\/\/schema.org","@graph":[{"@type":"Article","@id":"https:\/\/mallorcagrass.com\/de\/wie-lange-haelt-kunstrasen#article","isPartOf":{"@id":"https:\/\/mallorcagrass.com\/de\/wie-lange-haelt-kunstrasen"},"author":{"name":"Starenlared","@id":"https:\/\/mallorcagrass.com\/de\/#\/schema\/person\/07b3197556074aa2c7c8604cc4852e45"},"headline":"Wie lange h\u00e4lt Kunstrasen?","datePublished":"2023-01-14T13:34:52+00:00","dateModified":"2024-07-03T11:38:05+00:00","mainEntityOfPage":{"@id":"https:\/\/mallorcagrass.com\/de\/wie-lange-haelt-kunstrasen"},"wordCount":826,"commentCount":0,"publisher":{"@id":"https:\/\/mallorcagrass.com\/de\/#organization"},"image":{"@id":"https:\/\/mallorcagrass.com\/de\/wie-lange-haelt-kunstrasen#primaryimage"},"thumbnailUrl":"https:\/\/mallorcagrass.com\/wp-content\/uploads\/2023\/02\/duracion-cesped-artificial-1-scaled.jpg","articleSection":["Blog"],"inLanguage":"de","potentialAction":[{"@type":"CommentAction","name":"Comment","target":["https:\/\/mallorcagrass.com\/de\/wie-lange-haelt-kunstrasen#respond"]}]},{"@type":"WebPage","@id":"https:\/\/mallorcagrass.com\/de\/wie-lange-haelt-kunstrasen","url":"https:\/\/mallorcagrass.com\/de\/wie-lange-haelt-kunstrasen","name":"Wie lange h\u00e4lt Kunstrasen? | Mallorca Gras","isPartOf":{"@id":"https:\/\/mallorcagrass.com\/de\/#website"},"primaryImageOfPage":{"@id":"https:\/\/mallorcagrass.com\/de\/wie-lange-haelt-kunstrasen#primaryimage"},"image":{"@id":"https:\/\/mallorcagrass.com\/de\/wie-lange-haelt-kunstrasen#primaryimage"},"thumbnailUrl":"https:\/\/mallorcagrass.com\/wp-content\/uploads\/2023\/02\/duracion-cesped-artificial-1-scaled.jpg","datePublished":"2023-01-14T13:34:52+00:00","dateModified":"2024-07-03T11:38:05+00:00","description":"Es gibt mehrere Hauptfaktoren, die einen direkten Einfluss auf die Lebensdauer von Kunstrasen haben. Auf Mallorca sind diese...","breadcrumb":{"@id":"https:\/\/mallorcagrass.com\/de\/wie-lange-haelt-kunstrasen#breadcrumb"},"inLanguage":"de","potentialAction":[{"@type":"ReadAction","target":["https:\/\/mallorcagrass.com\/de\/wie-lange-haelt-kunstrasen"]}]},{"@type":"ImageObject","inLanguage":"de","@id":"https:\/\/mallorcagrass.com\/de\/wie-lange-haelt-kunstrasen#primaryimage","url":"https:\/\/mallorcagrass.com\/wp-content\/uploads\/2023\/02\/duracion-cesped-artificial-1-scaled.jpg","contentUrl":"https:\/\/mallorcagrass.com\/wp-content\/uploads\/2023\/02\/duracion-cesped-artificial-1-scaled.jpg","width":2560,"height":1707,"caption":"close-up of hands installing artificial grass"},{"@type":"BreadcrumbList","@id":"https:\/\/mallorcagrass.com\/de\/wie-lange-haelt-kunstrasen#breadcrumb","itemListElement":[{"@type":"ListItem","position":1,"name":"Portada","item":"https:\/\/mallorcagrass.com\/de\/startseite"},{"@type":"ListItem","position":2,"name":"Wie lange h\u00e4lt Kunstrasen?"}]},{"@type":"WebSite","@id":"https:\/\/mallorcagrass.com\/de\/#website","url":"https:\/\/mallorcagrass.com\/de\/","name":"Mallorca Grass | C\u00e9sped Artificial en Mallorca","description":"","publisher":{"@id":"https:\/\/mallorcagrass.com\/de\/#organization"},"potentialAction":[{"@type":"SearchAction","target":{"@type":"EntryPoint","urlTemplate":"https:\/\/mallorcagrass.com\/de\/?s={search_term_string}"},"query-input":{"@type":"PropertyValueSpecification","valueRequired":true,"valueName":"search_term_string"}}],"inLanguage":"de"},{"@type":"Organization","@id":"https:\/\/mallorcagrass.com\/de\/#organization","name":"Mallorca Grass","url":"https:\/\/mallorcagrass.com\/de\/","logo":{"@type":"ImageObject","inLanguage":"de","@id":"https:\/\/mallorcagrass.com\/de\/#\/schema\/logo\/image\/","url":"https:\/\/mallorcagrass.com\/wp-content\/uploads\/2022\/08\/Logo_Mallorca-Grass-Verde628x628.jpg","contentUrl":"https:\/\/mallorcagrass.com\/wp-content\/uploads\/2022\/08\/Logo_Mallorca-Grass-Verde628x628.jpg","width":628,"height":628,"caption":"Mallorca Grass"},"image":{"@id":"https:\/\/mallorcagrass.com\/de\/#\/schema\/logo\/image\/"}},{"@type":"Person","@id":"https:\/\/mallorcagrass.com\/de\/#\/schema\/person\/07b3197556074aa2c7c8604cc4852e45","name":"Starenlared","image":{"@type":"ImageObject","inLanguage":"de","@id":"https:\/\/secure.gravatar.com\/avatar\/3b4ab7f22c1235d170addf4acbf3093bcf538f00e3e15ecc23afacf8e0f1dd93?s=96&d=mm&r=g","url":"https:\/\/secure.gravatar.com\/avatar\/3b4ab7f22c1235d170addf4acbf3093bcf538f00e3e15ecc23afacf8e0f1dd93?s=96&d=mm&r=g","contentUrl":"https:\/\/secure.gravatar.com\/avatar\/3b4ab7f22c1235d170addf4acbf3093bcf538f00e3e15ecc23afacf8e0f1dd93?s=96&d=mm&r=g","caption":"Starenlared"},"url":"https:\/\/mallorcagrass.com\/de\/author\/starenlared"}]}},"_links":{"self":[{"href":"https:\/\/mallorcagrass.com\/de\/wp-json\/wp\/v2\/posts\/7833","targetHints":{"allow":["GET"]}}],"collection":[{"href":"https:\/\/mallorcagrass.com\/de\/wp-json\/wp\/v2\/posts"}],"about":[{"href":"https:\/\/mallorcagrass.com\/de\/wp-json\/wp\/v2\/types\/post"}],"author":[{"embeddable":true,"href":"https:\/\/mallorcagrass.com\/de\/wp-json\/wp\/v2\/users\/7"}],"replies":[{"embeddable":true,"href":"https:\/\/mallorcagrass.com\/de\/wp-json\/wp\/v2\/comments?post=7833"}],"version-history":[{"count":0,"href":"https:\/\/mallorcagrass.com\/de\/wp-json\/wp\/v2\/posts\/7833\/revisions"}],"wp:featuredmedia":[{"embeddable":true,"href":"https:\/\/mallorcagrass.com\/de\/wp-json\/wp\/v2\/media\/7835"}],"wp:attachment":[{"href":"https:\/\/mallorcagrass.com\/de\/wp-json\/wp\/v2\/media?parent=7833"}],"wp:term":[{"taxonomy":"category","embeddable":true,"href":"https:\/\/mallorcagrass.com\/de\/wp-json\/wp\/v2\/categories?post=7833"},{"taxonomy":"post_tag","embeddable":true,"href":"https:\/\/mallorcagrass.com\/de\/wp-json\/wp\/v2\/tags?post=7833"}],"curies":[{"name":"wp","href":"https:\/\/api.w.org\/{rel}","templated":true}]}}